{"id":1052,"date":"2026-09-01T11:45:00","date_gmt":"2026-09-01T09:45:00","guid":{"rendered":"https:\/\/eifelpolizei.be\/?p=1052"},"modified":"2026-09-01T11:45:00","modified_gmt":"2026-09-01T09:45:00","slug":"journee-portes-ouvertes-du-commissariat-de-police-de-morsheck","status":"publish","type":"post","link":"https:\/\/eifelpolizei.be\/fr\/tag-der-offenen-tuer-der-polizeiwache-morsheck\/","title":{"rendered":"Journ\u00e9es portes ouvertes du commissariat de police de Morsheck"},"content":{"rendered":"<p>De 10h00 \u00e0 17h00, un programme vari\u00e9 pour petits et grands vous attend. Venez d\u00e9couvrir notre travail, plongez dans le quotidien de la police et d\u00e9couvrez ce qui se passe dans les coulisses.<\/p>","protected":false},"excerpt":{"rendered":"<p>De 10h00 \u00e0 17h00, un programme vari\u00e9 pour petits et grands vous attend. Venez d\u00e9couvrir notre travail, plongez dans le quotidien de la police et d\u00e9couvrez ce qui se passe dans les coulisses.<\/p>","protected":false},"author":3,"featured_media":1053,"comment_status":"closed","ping_status":"closed","sticky":false,"template":"","format":"standard","meta":{"_acf_changed":false,"footnotes":""},"categories":[1],"tags":[],"class_list":["post-1052","post","type-post","status-publish","format-standard","has-post-thumbnail","hentry","category-sonstiges"],"acf":[],"_links":{"self":[{"href":"https:\/\/eifelpolizei.be\/fr\/wp-json\/wp\/v2\/posts\/1052","targetHints":{"allow":["GET"]}}],"collection":[{"href":"https:\/\/eifelpolizei.be\/fr\/wp-json\/wp\/v2\/posts"}],"about":[{"href":"https:\/\/eifelpolizei.be\/fr\/wp-json\/wp\/v2\/types\/post"}],"author":[{"embeddable":true,"href":"https:\/\/eifelpolizei.be\/fr\/wp-json\/wp\/v2\/users\/3"}],"replies":[{"embeddable":true,"href":"https:\/\/eifelpolizei.be\/fr\/wp-json\/wp\/v2\/comments?post=1052"}],"version-history":[{"count":1,"href":"https:\/\/eifelpolizei.be\/fr\/wp-json\/wp\/v2\/posts\/1052\/revisions"}],"predecessor-version":[{"id":1054,"href":"https:\/\/eifelpolizei.be\/fr\/wp-json\/wp\/v2\/posts\/1052\/revisions\/1054"}],"wp:featuredmedia":[{"embeddable":true,"href":"https:\/\/eifelpolizei.be\/fr\/wp-json\/wp\/v2\/media\/1053"}],"wp:attachment":[{"href":"https:\/\/eifelpolizei.be\/fr\/wp-json\/wp\/v2\/media?parent=1052"}],"wp:term":[{"taxonomy":"category","embeddable":true,"href":"https:\/\/eifelpolizei.be\/fr\/wp-json\/wp\/v2\/categories?post=1052"},{"taxonomy":"post_tag","embeddable":true,"href":"https:\/\/eifelpolizei.be\/fr\/wp-json\/wp\/v2\/tags?post=1052"}],"curies":[{"name":"wp","href":"https:\/\/api.w.org\/{rel}","templated":true}]}}